{"id":16501,"date":"2026-04-29T16:51:25","date_gmt":"2026-04-29T14:51:25","guid":{"rendered":"https:\/\/paroisses-vic-bigorre.fr\/?p=16501"},"modified":"2026-04-29T16:51:25","modified_gmt":"2026-04-29T14:51:25","slug":"sortie-annuelle-du-mcr-du-11-juin","status":"publish","type":"post","link":"https:\/\/paroisses-vic-bigorre.fr\/?p=16501","title":{"rendered":"Sortie annuelle du MCR du 11 juin"},"content":{"rendered":"<h4><\/h4>\n<h4><a href=\"https:\/\/paroisses-vic-bigorre.fr\/wp-content\/uploads\/2026\/04\/Logo-MCR.jpg\"><img loading=\"lazy\" decoding=\"async\" class=\"aligncenter wp-image-16502\" src=\"https:\/\/paroisses-vic-bigorre.fr\/wp-content\/uploads\/2026\/04\/Logo-MCR-300x278.jpg\" alt=\"\" width=\"180\" height=\"167\" srcset=\"https:\/\/paroisses-vic-bigorre.fr\/wp-content\/uploads\/2026\/04\/Logo-MCR-300x278.jpg 300w, https:\/\/paroisses-vic-bigorre.fr\/wp-content\/uploads\/2026\/04\/Logo-MCR-1024x950.jpg 1024w, https:\/\/paroisses-vic-bigorre.fr\/wp-content\/uploads\/2026\/04\/Logo-MCR-768x713.jpg 768w, https:\/\/paroisses-vic-bigorre.fr\/wp-content\/uploads\/2026\/04\/Logo-MCR-150x139.jpg 150w, https:\/\/paroisses-vic-bigorre.fr\/wp-content\/uploads\/2026\/04\/Logo-MCR-162x150.jpg 162w, https:\/\/paroisses-vic-bigorre.fr\/wp-content\/uploads\/2026\/04\/Logo-MCR.jpg 1127w\" sizes=\"auto, (max-width: 180px) 100vw, 180px\" \/><\/a><\/h4>\n<h4 style=\"text-align: center;\"><span style=\"color: #ff6600;\">JEUDI 11 JUIN 2026 sortie annuelle via le GERS<\/span><\/h4>\n<p>8 h d\u00e9part de TARBES maison St Paul arriv\u00e9e \u00e0 10h<br \/>\n( pause caf\u00e9, boissons accompagn\u00e9es de chouquettes)<\/p>\n<p>10h30 Visite guid\u00e9e de la VILLA GALLO-ROMAINE de S\u00c9VIAC<\/p>\n<p>12 h30 Repas \u00e0 MONTR\u00c9AL et possibilit\u00e9 de promenade dans la ville.<\/p>\n<p>15 h Visite guid\u00e9e de l&rsquo; ABBAYE de FLARAN<\/p>\n<p>16h 30 Visite et C\u00e9l\u00e9bration messe \u00e0 l&rsquo; \u00e9glise de VALENCE sur Ba\u00efse<\/p>\n<p>Retour \u00e0 Tarbes<\/p>\n<p>Co\u00fbt de la journ\u00e9e :<\/p>\n<p>43,00 \u20ac pour les adh\u00e9rents<br \/>\n55,00 \u20ac pour les non adh\u00e9rents, le co\u00fbt du car \u00e9tant pris en compte par l&rsquo;association<br \/>\npour les adh\u00e9rents<\/p>\n<p>Les paiements par ch\u00e8que \u00e0 l&rsquo;ordre de MCR 65<\/p>\n<p>Inscriptions \u00e0 votre responsable locale avant le 30 Mai .<\/p>\n<p>ou \u00e0 notre secr\u00e9taire Rose-Marie Cacareigt &#8211; 06 01 72 22 34<\/p>\n<p>ou \u00e0 Ginette Curbet Pr\u00e9sidente &#8211; 06 08 88 09 12<\/p>\n<p><img loading=\"lazy\" decoding=\"async\" class=\" wp-image-16500 aligncenter\" src=\"https:\/\/paroisses-vic-bigorre.fr\/wp-content\/uploads\/2026\/04\/2026-recollection-de-Paques-300x200.jpg\" alt=\"\" width=\"380\" height=\"253\" srcset=\"https:\/\/paroisses-vic-bigorre.fr\/wp-content\/uploads\/2026\/04\/2026-recollection-de-Paques-300x200.jpg 300w, https:\/\/paroisses-vic-bigorre.fr\/wp-content\/uploads\/2026\/04\/2026-recollection-de-Paques-1024x681.jpg 1024w, https:\/\/paroisses-vic-bigorre.fr\/wp-content\/uploads\/2026\/04\/2026-recollection-de-Paques-768x511.jpg 768w, https:\/\/paroisses-vic-bigorre.fr\/wp-content\/uploads\/2026\/04\/2026-recollection-de-Paques-1536x1022.jpg 1536w, https:\/\/paroisses-vic-bigorre.fr\/wp-content\/uploads\/2026\/04\/2026-recollection-de-Paques-2048x1363.jpg 2048w, https:\/\/paroisses-vic-bigorre.fr\/wp-content\/uploads\/2026\/04\/2026-recollection-de-Paques-150x100.jpg 150w, https:\/\/paroisses-vic-bigorre.fr\/wp-content\/uploads\/2026\/04\/2026-recollection-de-Paques-225x150.jpg 225w\" sizes=\"auto, (max-width: 380px) 100vw, 380px\" \/><\/p>\n<p style=\"text-align: center;\"><em><span style=\"color: #808080;\">Recollection de P\u00e2ques\u00a0 2026<\/span><\/em><\/p>\n","protected":false},"excerpt":{"rendered":"<p>JEUDI 11 JUIN 2026 sortie annuelle via le GERS 8 h d\u00e9part de TARBES maison St Paul arriv\u00e9e \u00e0 10h ( pause caf\u00e9, boissons accompagn\u00e9es de chouquettes) 10h30 Visite guid\u00e9e&#8230;<\/p>\n<p> <a class=\"continue-reading-link\" href=\"https:\/\/paroisses-vic-bigorre.fr\/?p=16501\"><span>LIRE LA SUITE<\/span><i class=\"crycon-right-dir\"><\/i><\/a> <\/p>\n","protected":false},"author":1,"featured_media":16502,"comment_status":"closed","ping_status":"closed","sticky":false,"template":"","format":"standard","meta":{"_jetpack_memberships_contains_paid_content":false,"footnotes":""},"categories":[3,60],"tags":[],"class_list":["post-16501","post","type-post","status-publish","format-standard","has-post-thumbnail","hentry","category-actualite","category-mcr"],"jetpack_featured_media_url":"https:\/\/paroisses-vic-bigorre.fr\/wp-content\/uploads\/2026\/04\/Logo-MCR.jpg","jetpack_sharing_enabled":true,"_links":{"self":[{"href":"https:\/\/paroisses-vic-bigorre.fr\/index.php?rest_route=\/wp\/v2\/posts\/16501","targetHints":{"allow":["GET"]}}],"collection":[{"href":"https:\/\/paroisses-vic-bigorre.fr\/index.php?rest_route=\/wp\/v2\/posts"}],"about":[{"href":"https:\/\/paroisses-vic-bigorre.fr\/index.php?rest_route=\/wp\/v2\/types\/post"}],"author":[{"embeddable":true,"href":"https:\/\/paroisses-vic-bigorre.fr\/index.php?rest_route=\/wp\/v2\/users\/1"}],"replies":[{"embeddable":true,"href":"https:\/\/paroisses-vic-bigorre.fr\/index.php?rest_route=%2Fwp%2Fv2%2Fcomments&post=16501"}],"version-history":[{"count":1,"href":"https:\/\/paroisses-vic-bigorre.fr\/index.php?rest_route=\/wp\/v2\/posts\/16501\/revisions"}],"predecessor-version":[{"id":16503,"href":"https:\/\/paroisses-vic-bigorre.fr\/index.php?rest_route=\/wp\/v2\/posts\/16501\/revisions\/16503"}],"wp:featuredmedia":[{"embeddable":true,"href":"https:\/\/paroisses-vic-bigorre.fr\/index.php?rest_route=\/wp\/v2\/media\/16502"}],"wp:attachment":[{"href":"https:\/\/paroisses-vic-bigorre.fr\/index.php?rest_route=%2Fwp%2Fv2%2Fmedia&parent=16501"}],"wp:term":[{"taxonomy":"category","embeddable":true,"href":"https:\/\/paroisses-vic-bigorre.fr\/index.php?rest_route=%2Fwp%2Fv2%2Fcategories&post=16501"},{"taxonomy":"post_tag","embeddable":true,"href":"https:\/\/paroisses-vic-bigorre.fr\/index.php?rest_route=%2Fwp%2Fv2%2Ftags&post=16501"}],"curies":[{"name":"wp","href":"https:\/\/api.w.org\/{rel}","templated":true}]}}