{"id":16292,"date":"2026-01-17T13:51:49","date_gmt":"2026-01-17T12:51:49","guid":{"rendered":"https:\/\/paroisses-vic-bigorre.fr\/?p=16292"},"modified":"2026-01-18T09:57:07","modified_gmt":"2026-01-18T08:57:07","slug":"priere-des-freres","status":"publish","type":"post","link":"https:\/\/paroisses-vic-bigorre.fr\/?p=16292","title":{"rendered":"Pri\u00e8re des fr\u00e8res"},"content":{"rendered":"<p><img loading=\"lazy\" decoding=\"async\" class=\"aligncenter wp-image-16297 size-medium\" title=\"https:\/\/eglise3vallees.fr\/2022\/02\/19\/la-priere-des-freres\/\" src=\"https:\/\/paroisses-vic-bigorre.fr\/wp-content\/uploads\/2026\/01\/priere-des-freres-211x300.jpg\" alt=\"\" width=\"211\" height=\"300\" srcset=\"https:\/\/paroisses-vic-bigorre.fr\/wp-content\/uploads\/2026\/01\/priere-des-freres-211x300.jpg 211w, https:\/\/paroisses-vic-bigorre.fr\/wp-content\/uploads\/2026\/01\/priere-des-freres-106x150.jpg 106w, https:\/\/paroisses-vic-bigorre.fr\/wp-content\/uploads\/2026\/01\/priere-des-freres.jpg 300w\" sizes=\"auto, (max-width: 211px) 100vw, 211px\" \/><\/p>\n<p style=\"text-align: justify;\">Accueillir \u00e0 deux ou trois les intentions de pri\u00e8re d\u2019un autre fid\u00e8le\u00a0: cette d\u00e9marche, longtemps cantonn\u00e9e au monde charismatique, se d\u00e9veloppe dans des paroisses.<\/p>\n<p style=\"text-align: justify;\"><strong>Il est maintenant possible de la pratiquer en l&rsquo;\u00e9glise de Vic,\u00a0 un dimanche sur deux \u00e0 l&rsquo;issue de la messe de 10 h 30<\/strong>. Le principe consiste \u00e0 proposer une pri\u00e8re d\u2019intercession aupr\u00e8s de deux \u00ab priants \u00bb qui sont appel\u00e9s et envoy\u00e9s pour cette mission.<\/p>\n<p style=\"text-align: center;\"><span style=\"color: #ff6600;\"><a style=\"color: #ff6600;\" href=\"https:\/\/fr.aleteia.org\/2021\/11\/29\/la-priere-des-freres-quest-ce-au-juste\/\" target=\"_blank\" rel=\"noopener\">En savoir plus sur la pri\u00e8re des fr\u00e8res avec ALETEIA<\/a><\/span><\/p>\n<p><iframe loading=\"lazy\" title=\"La prie\u0300re des fre\u0300res : Pourquoi et comment ? - fr. Baudouin\" width=\"1150\" height=\"647\" src=\"https:\/\/www.youtube.com\/embed\/jfD-YUGMuNs?feature=oembed\" frameborder=\"0\" allow=\"accelerometer; autoplay; clipboard-write; encrypted-media; gyroscope; picture-in-picture; web-share\" referrerpolicy=\"strict-origin-when-cross-origin\" allowfullscreen><\/iframe><\/p>\n","protected":false},"excerpt":{"rendered":"<p>Accueillir \u00e0 deux ou trois les intentions de pri\u00e8re d\u2019un autre fid\u00e8le\u00a0: cette d\u00e9marche, longtemps cantonn\u00e9e au monde charismatique, se d\u00e9veloppe dans des paroisses. Il est maintenant possible de la&#8230;<\/p>\n<p> <a class=\"continue-reading-link\" href=\"https:\/\/paroisses-vic-bigorre.fr\/?p=16292\"><span>LIRE LA SUITE<\/span><i class=\"crycon-right-dir\"><\/i><\/a> <\/p>\n","protected":false},"author":1,"featured_media":16297,"comment_status":"closed","ping_status":"closed","sticky":false,"template":"","format":"standard","meta":{"_jetpack_memberships_contains_paid_content":false,"footnotes":""},"categories":[3],"tags":[],"class_list":["post-16292","post","type-post","status-publish","format-standard","has-post-thumbnail","hentry","category-actualite"],"jetpack_featured_media_url":"https:\/\/paroisses-vic-bigorre.fr\/wp-content\/uploads\/2026\/01\/priere-des-freres.jpg","jetpack_sharing_enabled":true,"_links":{"self":[{"href":"https:\/\/paroisses-vic-bigorre.fr\/index.php?rest_route=\/wp\/v2\/posts\/16292","targetHints":{"allow":["GET"]}}],"collection":[{"href":"https:\/\/paroisses-vic-bigorre.fr\/index.php?rest_route=\/wp\/v2\/posts"}],"about":[{"href":"https:\/\/paroisses-vic-bigorre.fr\/index.php?rest_route=\/wp\/v2\/types\/post"}],"author":[{"embeddable":true,"href":"https:\/\/paroisses-vic-bigorre.fr\/index.php?rest_route=\/wp\/v2\/users\/1"}],"replies":[{"embeddable":true,"href":"https:\/\/paroisses-vic-bigorre.fr\/index.php?rest_route=%2Fwp%2Fv2%2Fcomments&post=16292"}],"version-history":[{"count":5,"href":"https:\/\/paroisses-vic-bigorre.fr\/index.php?rest_route=\/wp\/v2\/posts\/16292\/revisions"}],"predecessor-version":[{"id":16306,"href":"https:\/\/paroisses-vic-bigorre.fr\/index.php?rest_route=\/wp\/v2\/posts\/16292\/revisions\/16306"}],"wp:featuredmedia":[{"embeddable":true,"href":"https:\/\/paroisses-vic-bigorre.fr\/index.php?rest_route=\/wp\/v2\/media\/16297"}],"wp:attachment":[{"href":"https:\/\/paroisses-vic-bigorre.fr\/index.php?rest_route=%2Fwp%2Fv2%2Fmedia&parent=16292"}],"wp:term":[{"taxonomy":"category","embeddable":true,"href":"https:\/\/paroisses-vic-bigorre.fr\/index.php?rest_route=%2Fwp%2Fv2%2Fcategories&post=16292"},{"taxonomy":"post_tag","embeddable":true,"href":"https:\/\/paroisses-vic-bigorre.fr\/index.php?rest_route=%2Fwp%2Fv2%2Ftags&post=16292"}],"curies":[{"name":"wp","href":"https:\/\/api.w.org\/{rel}","templated":true}]}}