{"id":15749,"date":"2025-12-05T18:15:07","date_gmt":"2025-12-05T17:15:07","guid":{"rendered":"https:\/\/paroisses-vic-bigorre.fr\/?p=15749"},"modified":"2025-12-05T18:24:29","modified_gmt":"2025-12-05T17:24:29","slug":"film-les-broudeurs-du-christ-dimanche-7-decembre-a-14-h-a-cinevic","status":"publish","type":"post","link":"https:\/\/paroisses-vic-bigorre.fr\/?p=15749","title":{"rendered":"Film \u00ab\u00a0Les baroudeurs du Christ\u00a0\u00bb dimanche 7 d\u00e9cembre \u00e0 14 h \u00e0 Cin\u00e9Vic"},"content":{"rendered":"<p dir=\"auto\"><a href=\"https:\/\/paroisses-vic-bigorre.fr\/wp-content\/uploads\/2025\/12\/BAROUD.png\"><img loading=\"lazy\" decoding=\"async\" class=\"aligncenter wp-image-15752\" src=\"https:\/\/paroisses-vic-bigorre.fr\/wp-content\/uploads\/2025\/12\/BAROUD-245x300.png\" alt=\"\" width=\"150\" height=\"183\" srcset=\"https:\/\/paroisses-vic-bigorre.fr\/wp-content\/uploads\/2025\/12\/BAROUD-245x300.png 245w, https:\/\/paroisses-vic-bigorre.fr\/wp-content\/uploads\/2025\/12\/BAROUD-123x150.png 123w, https:\/\/paroisses-vic-bigorre.fr\/wp-content\/uploads\/2025\/12\/BAROUD.png 430w\" sizes=\"auto, (max-width: 150px) 100vw, 150px\" \/><\/a><\/p>\n<p dir=\"auto\">En cette p\u00e9riode d\u2019Avent, nous avons la joie de vous annoncer un \u00e9v\u00e9nement rare et pr\u00e9cieux :\u00a0<strong>la diffusion exceptionnelle du film \u00ab\u00a0Baroudeurs du Christ\u00a0\u00bb<\/strong>\u00a0\u00e0 Vic-en-Bigorre.<\/p>\n<p dir=\"auto\"><strong>\u00a0Une s\u00e9ance<\/strong>\u00a0est programm\u00e9e au\u00a0<b>cin\u00e9ma Th\u00e9\u00e2tre de l&rsquo;Atelier (Cin\u00e9Vic\u00a0\u00bb) :<\/b><\/p>\n<ul>\n<li><b>le DIMANCHE 07 D\u00c9CEMBRE\u00a0\u00e0 14h<\/b><\/li>\n<\/ul>\n<p dir=\"auto\">Ce film, qui met en lumi\u00e8re l\u2019<span aria-haspopup=\"true\" aria-expanded=\"false\" aria-controls=\"radix-_r_ab_\">engagement des missionnaires<\/span>, est une occasion unique de d\u00e9couvrir des t\u00e9moignages de foi et d\u2019audace, qui r\u00e9sonnent particuli\u00e8rement avec notre propre appel \u00e0 \u00eatre des t\u00e9moins du Christ dans notre quotidien. Les\u00a0<span aria-haspopup=\"true\" aria-expanded=\"false\" aria-controls=\"radix-_r_ac_\">films chr\u00e9tiens sont rares<\/span>\u00a0sur les \u00e9crans, cette diffusion est une chance \u00e0 ne pas manquer !<\/p>\n<p dir=\"auto\"><strong>\ud83d\udc49\u00a0Pourquoi relayer cette information ?<\/strong><\/p>\n<ul>\n<li>Parce que c\u2019est un \u00e9v\u00e9nement\u00a0<strong>unique<\/strong>\u00a0: le film ne sera diffus\u00e9 que ce week-end.<\/li>\n<li>Parce qu\u2019il parle de mission, un appel qui nous concerne tous, surtout en ce\u00a0<span aria-haspopup=\"true\" aria-expanded=\"false\" aria-controls=\"radix-_r_ad_\">temps d\u2019Avent<\/span>.<\/li>\n<li>Parce que c\u2019est une opportunit\u00e9 de rassembler, d\u2019inspirer et de renforcer notre communaut\u00e9 dans la foi.<\/li>\n<\/ul>\n<p dir=\"auto\">Nous comptons sur vous pour\u00a0<strong><span aria-haspopup=\"true\" aria-expanded=\"false\" aria-controls=\"radix-_r_ae_\">relayer largement cette information<\/span><\/strong>\u00a0: affiches dans vos \u00e9glises, annonces lors des messes, partage sur vos r\u00e9seaux paroissiaux, ou encore envoi d\u2019emails \u00e0 vos fid\u00e8les. Chaque effort compte pour que ce film touche le plus grand nombre !<\/p>\n<div><b><span style=\"color: #ff9900;\">Synopsis<\/span><\/b><\/div>\n<div>\n<p>On les croyait disparus, rel\u00e9gu\u00e9s aux pages sombres de l\u2019histoire coloniale. Pourtant, ils sont l\u00e0, besace et Bible en main, dans un tout autre genre. Une nouvelle g\u00e9n\u00e9ration de missionnaires perdure, insoup\u00e7onn\u00e9e.<\/p>\n<p>Ce film r\u00e9v\u00e8le des pr\u00eatres port\u00e9s par une foi ardente et une profonde rage de vivre, que certains appellent : \u201cLes Baroudeurs du Christ\u201d. Loin des clich\u00e9s d\u2019antan, ils impressionnent par leur courage, leur d\u00e9vouement et leur humanit\u00e9 \u2013 parfois maladroite, mais toujours port\u00e9e par un amour immense.\u00a0 Leur mission ? Partir sans retour, dans un pays qu\u2019ils n\u2019ont pas choisi. Aimer, servir, partager, rire et pleurer avec ceux qu\u2019ils rejoignent.<\/p>\n<p><span style=\"color: #ff9900; font-family: arial, sans-serif;\"><b>Bande annonce\u00a0<\/b><\/span><\/p>\n<p><a href=\"https:\/\/youtu.be\/-YdnxqoP_xU?si=N0-rpoT6d89PK3wC\" target=\"_blank\" rel=\"noopener\">https:\/\/youtu.be\/-YdnxqoP_xU?si=N0-rpoT6d89PK3wC<\/a><span style=\"font-family: arial, sans-serif;\"><br \/>\n<\/span><\/p>\n<\/div>\n<div><\/div>\n<div><b><span style=\"color: #ff9900;\">Pour en savoir plus :<\/span><\/b><\/div>\n<div><a href=\"https:\/\/www.baroudeursduchrist.com\/\" target=\"_blank\" rel=\"noopener\">https:\/\/www.baroudeursduchrist.com\/<\/a><\/div>\n","protected":false},"excerpt":{"rendered":"<p>En cette p\u00e9riode d\u2019Avent, nous avons la joie de vous annoncer un \u00e9v\u00e9nement rare et pr\u00e9cieux :\u00a0la diffusion exceptionnelle du film \u00ab\u00a0Baroudeurs du Christ\u00a0\u00bb\u00a0\u00e0 Vic-en-Bigorre. \u00a0Une s\u00e9ance\u00a0est programm\u00e9e au\u00a0cin\u00e9ma Th\u00e9\u00e2tre&#8230;<\/p>\n<p> <a class=\"continue-reading-link\" href=\"https:\/\/paroisses-vic-bigorre.fr\/?p=15749\"><span>LIRE LA SUITE<\/span><i class=\"crycon-right-dir\"><\/i><\/a> <\/p>\n","protected":false},"author":1,"featured_media":0,"comment_status":"closed","ping_status":"closed","sticky":false,"template":"","format":"standard","meta":{"_jetpack_memberships_contains_paid_content":false,"footnotes":""},"categories":[3],"tags":[],"class_list":["post-15749","post","type-post","status-publish","format-standard","hentry","category-actualite"],"jetpack_featured_media_url":"","jetpack_sharing_enabled":true,"_links":{"self":[{"href":"https:\/\/paroisses-vic-bigorre.fr\/index.php?rest_route=\/wp\/v2\/posts\/15749","targetHints":{"allow":["GET"]}}],"collection":[{"href":"https:\/\/paroisses-vic-bigorre.fr\/index.php?rest_route=\/wp\/v2\/posts"}],"about":[{"href":"https:\/\/paroisses-vic-bigorre.fr\/index.php?rest_route=\/wp\/v2\/types\/post"}],"author":[{"embeddable":true,"href":"https:\/\/paroisses-vic-bigorre.fr\/index.php?rest_route=\/wp\/v2\/users\/1"}],"replies":[{"embeddable":true,"href":"https:\/\/paroisses-vic-bigorre.fr\/index.php?rest_route=%2Fwp%2Fv2%2Fcomments&post=15749"}],"version-history":[{"count":6,"href":"https:\/\/paroisses-vic-bigorre.fr\/index.php?rest_route=\/wp\/v2\/posts\/15749\/revisions"}],"predecessor-version":[{"id":15756,"href":"https:\/\/paroisses-vic-bigorre.fr\/index.php?rest_route=\/wp\/v2\/posts\/15749\/revisions\/15756"}],"wp:attachment":[{"href":"https:\/\/paroisses-vic-bigorre.fr\/index.php?rest_route=%2Fwp%2Fv2%2Fmedia&parent=15749"}],"wp:term":[{"taxonomy":"category","embeddable":true,"href":"https:\/\/paroisses-vic-bigorre.fr\/index.php?rest_route=%2Fwp%2Fv2%2Fcategories&post=15749"},{"taxonomy":"post_tag","embeddable":true,"href":"https:\/\/paroisses-vic-bigorre.fr\/index.php?rest_route=%2Fwp%2Fv2%2Ftags&post=15749"}],"curies":[{"name":"wp","href":"https:\/\/api.w.org\/{rel}","templated":true}]}}