{"id":15736,"date":"2025-11-29T11:21:34","date_gmt":"2025-11-29T10:21:34","guid":{"rendered":"https:\/\/paroisses-vic-bigorre.fr\/?p=15736"},"modified":"2025-11-30T13:28:57","modified_gmt":"2025-11-30T12:28:57","slug":"visite-pastorale-de-mgr-micas-2","status":"publish","type":"post","link":"https:\/\/paroisses-vic-bigorre.fr\/?p=15736","title":{"rendered":"Visite pastorale de Mgr Micas"},"content":{"rendered":"<p>&nbsp;<\/p>\n<p><img loading=\"lazy\" decoding=\"async\" class=\" wp-image-14321 aligncenter\" src=\"https:\/\/paroisses-vic-bigorre.fr\/wp-content\/uploads\/2024\/06\/logo-diocese.png\" alt=\"\" width=\"143\" height=\"117\" srcset=\"https:\/\/paroisses-vic-bigorre.fr\/wp-content\/uploads\/2024\/06\/logo-diocese.png 190w, https:\/\/paroisses-vic-bigorre.fr\/wp-content\/uploads\/2024\/06\/logo-diocese-150x122.png 150w, https:\/\/paroisses-vic-bigorre.fr\/wp-content\/uploads\/2024\/06\/logo-diocese-184x150.png 184w\" sizes=\"auto, (max-width: 143px) 100vw, 143px\" \/><\/p>\n<p>Notre \u00e9v\u00eaque\u00a0 effectuera une visite pastorale dans la paroisse Val d&rsquo;Adour le mardi 9 d\u00e9cembre 2025.<\/p>\n<p>Dans ce cadre, il c\u00e9l\u00e8brera une messe en l&rsquo;\u00e9glise de l&rsquo;Assomption de Maubourguet \u00e0 9 h 30.<\/p>\n<p>Il c\u00e9l\u00e8brera par ailleurs une messe en l&rsquo;\u00e9glise St-Martin de Vic-Bigorre le 11 d\u00e9cembre \u00e0 9 h 30<\/p>\n<p><img loading=\"lazy\" decoding=\"async\" class=\"aligncenter wp-image-15739 size-thumbnail\" src=\"https:\/\/paroisses-vic-bigorre.fr\/wp-content\/uploads\/2025\/11\/mgr-micas-948x1024-1-150x150.png\" alt=\"\" width=\"150\" height=\"150\" \/><\/p>\n","protected":false},"excerpt":{"rendered":"<p>&nbsp; Notre \u00e9v\u00eaque\u00a0 effectuera une visite pastorale dans la paroisse Val d&rsquo;Adour le mardi 9 d\u00e9cembre 2025. Dans ce cadre, il c\u00e9l\u00e8brera une messe en l&rsquo;\u00e9glise de l&rsquo;Assomption de Maubourguet&#8230;<\/p>\n<p> <a class=\"continue-reading-link\" href=\"https:\/\/paroisses-vic-bigorre.fr\/?p=15736\"><span>LIRE LA SUITE<\/span><i class=\"crycon-right-dir\"><\/i><\/a> <\/p>\n","protected":false},"author":1,"featured_media":14321,"comment_status":"closed","ping_status":"closed","sticky":false,"template":"","format":"standard","meta":{"_jetpack_memberships_contains_paid_content":false,"footnotes":""},"categories":[3],"tags":[],"class_list":["post-15736","post","type-post","status-publish","format-standard","has-post-thumbnail","hentry","category-actualite"],"jetpack_featured_media_url":"https:\/\/paroisses-vic-bigorre.fr\/wp-content\/uploads\/2024\/06\/logo-diocese.png","jetpack_sharing_enabled":true,"_links":{"self":[{"href":"https:\/\/paroisses-vic-bigorre.fr\/index.php?rest_route=\/wp\/v2\/posts\/15736","targetHints":{"allow":["GET"]}}],"collection":[{"href":"https:\/\/paroisses-vic-bigorre.fr\/index.php?rest_route=\/wp\/v2\/posts"}],"about":[{"href":"https:\/\/paroisses-vic-bigorre.fr\/index.php?rest_route=\/wp\/v2\/types\/post"}],"author":[{"embeddable":true,"href":"https:\/\/paroisses-vic-bigorre.fr\/index.php?rest_route=\/wp\/v2\/users\/1"}],"replies":[{"embeddable":true,"href":"https:\/\/paroisses-vic-bigorre.fr\/index.php?rest_route=%2Fwp%2Fv2%2Fcomments&post=15736"}],"version-history":[{"count":4,"href":"https:\/\/paroisses-vic-bigorre.fr\/index.php?rest_route=\/wp\/v2\/posts\/15736\/revisions"}],"predecessor-version":[{"id":15746,"href":"https:\/\/paroisses-vic-bigorre.fr\/index.php?rest_route=\/wp\/v2\/posts\/15736\/revisions\/15746"}],"wp:featuredmedia":[{"embeddable":true,"href":"https:\/\/paroisses-vic-bigorre.fr\/index.php?rest_route=\/wp\/v2\/media\/14321"}],"wp:attachment":[{"href":"https:\/\/paroisses-vic-bigorre.fr\/index.php?rest_route=%2Fwp%2Fv2%2Fmedia&parent=15736"}],"wp:term":[{"taxonomy":"category","embeddable":true,"href":"https:\/\/paroisses-vic-bigorre.fr\/index.php?rest_route=%2Fwp%2Fv2%2Fcategories&post=15736"},{"taxonomy":"post_tag","embeddable":true,"href":"https:\/\/paroisses-vic-bigorre.fr\/index.php?rest_route=%2Fwp%2Fv2%2Ftags&post=15736"}],"curies":[{"name":"wp","href":"https:\/\/api.w.org\/{rel}","templated":true}]}}